{"id":7272,"date":"2025-05-04T14:04:22","date_gmt":"2025-05-04T14:04:22","guid":{"rendered":"https:\/\/www.vinaminni.is\/?p=7272"},"modified":"2025-08-18T20:59:46","modified_gmt":"2025-08-18T20:59:46","slug":"kaeru-foreldrar-10","status":"publish","type":"post","link":"https:\/\/www.vinaminni.is\/?p=7272","title":{"rendered":"K\u00e6ru foreldrar"},"content":{"rendered":"\n<p>\u00c9g vil \u00feakka ykkur \u00f6llum sem s\u00e1u\u00f0 ykkur f\u00e6rt a\u00f0 koma \u00e1 OPI\u00d0 H\u00daS \u00ed Vinaminni 1. ma\u00ed s\u00ed\u00f0astli\u00f0inn fyrir komuna. \u00dea\u00f0 var svo yndislegt a\u00f0 sj\u00e1 hva\u00f0 \u00fea\u00f0 komu margir en \u00fea\u00f0 komu \u00e1 \u00feri\u00f0ja hundra\u00f0 gestir \u00ed sk\u00f3lann \u00feennan dag.<\/p>\n\n\n\n<p>Eins og \u00e9g hef alltaf sagt \u00fe\u00e1 eru verk barnanna \u00feau mikilv\u00e6gustu og skemmtilegustu verk sem fyrir finnast. B\u00f6rnin eru svo skapandi og \u00feau geta f\u00e6rt tilfinningar, hugsanir og \u00e6tlanir s\u00ednar \u00ed myndm\u00e1l sem er svo st\u00f3rkostlegt. \u00dea\u00f0 er h\u00e6gt a\u00f0 lesa svo \u00f3tal margt \u00fat \u00far myndverkum barna og vi\u00f0 skulum aldrei vanvir\u00f0a verk \u00feeirra. <\/p>\n\n\n\n<p>\u00dea\u00f0 sag\u00f0i einn afinn vi\u00f0 mig \u00e1 OPNA H\u00daSINU \u00e1 fimmtudaginn, \u00dei\u00f0 setji\u00f0 myndirnar svo fallega upp, j\u00e1 sag\u00f0i \u00e9g vi\u00f0 eigum a\u00f0 bera vir\u00f0ingu fyrir verkum barnanna og setja \u00feau fallega upp til s\u00fdnis \u00e1 s\u00fdningunni. \u00dea\u00f0 er l\u00edka vir\u00f0ing vi\u00f0 b\u00f6rnin og vinnu \u00feeirra.<\/p>\n\n\n\n<p>B\u00f6rnin eru besta f\u00f3lki\u00f0, \u00feau eru a\u00f0 \u00feroskast og dafna \u00ed leiksk\u00f3lanum s\u00ednum og eiga a\u00f0 f\u00e1 verkefni sem efla \u00feau \u00e1fram svo \u00feau vilji halda \u00e1fram og \u00fer\u00f3a verkefnin s\u00edn. Verkefni og leikur barnanna \u00e1 a\u00f0 vekja forvitni \u00feeirra til a\u00f0 \u00feau vilji vita meira og meira og kanna hlutina n\u00e1nar og pr\u00f3fa sig \u00e1fram \u00ed dagsins \u00f6nn. \u00deau eru a\u00f0 l\u00e6ra \u00e1 l\u00edfi\u00f0 og tilveruna og \u00feau eru a\u00f0 l\u00e6ra hva\u00f0 er rangt og hva\u00f0 er r\u00e9tt, hva\u00f0 ber \u00e1rangur og hva\u00f0a lei\u00f0ir \u00feau geta fari\u00f0 til a\u00f0 n\u00e1 \u00feeim \u00e1rangri sem \u00feau \u00f3ska s\u00e9r. (markmi\u00f0asetning) <\/p>\n\n\n\n<p>\u00dea\u00f0 skiptir m\u00e1li a\u00f0 gle\u00f0in s\u00e9 vi\u00f0 v\u00f6ld \u00ed starfinu me\u00f0 b\u00f6rnunum og starfsmenn sk\u00f3lans hvetji \u00feau \u00e1fram \u00e1 j\u00e1kv\u00e6\u00f0an h\u00e1tt \u00feannig a\u00f0 \u00feau finni sig \u00f6rugg, m\u00e1ttug og a\u00f0 \u00feau geti. B\u00f6rnin f\u00e1 s\u00ed\u00f0an \u00fe\u00e6r lei\u00f0beiningar starfsmanna sem \u00feau \u00f3ska eftir vi\u00f0 vi\u00f0fangsefnin sem gerir verkefnin svo skemmtileg, fr\u00e6\u00f0andi og au\u00f0veld.<\/p>\n\n\n\n<p>Leiksk\u00f3linn er fyrsta sk\u00f3lastigi\u00f0 og \u00fear er svo sannarlega mikilv\u00e6gur grunnur lag\u00f0ur \u00ed l\u00edfi og starfi leiksk\u00f3labarnanna.<\/p>\n\n\n\n<p>\u00dear til n\u00e6st<br>S\u00f3lveig Einarsd\u00f3tir<br>framkv\u00e6mdarstj\u00f3ri<br>Vinaminnis<\/p>\n\n\n\n<p><\/p>\n\n\n\n<p><\/p>\n","protected":false},"excerpt":{"rendered":"<p>\u00c9g vil \u00feakka ykkur \u00f6llum sem s\u00e1u\u00f0 ykkur f\u00e6rt a\u00f0 koma \u00e1 OPI\u00d0 H\u00daS \u00ed Vinaminni 1. ma\u00ed s\u00ed\u00f0astli\u00f0inn fyrir komuna. \u00dea\u00f0 var svo yndislegt a\u00f0 sj\u00e1 hva\u00f0 \u00fea\u00f0 komu margir en \u00fea\u00f0 komu \u00e1 \u00feri\u00f0ja hundra\u00f0 gestir \u00ed sk\u00f3lann \u00feennan dag. Eins og \u00e9g hef alltaf sagt \u00fe\u00e1 eru verk barnanna \u00feau mikilv\u00e6gustu og [&hellip;]<\/p>\n","protected":false},"author":3,"featured_media":0,"comment_status":"closed","ping_status":"closed","sticky":false,"template":"","format":"standard","meta":{"footnotes":""},"categories":[49],"tags":[],"class_list":["post-7272","post","type-post","status-publish","format-standard","hentry","category-forsidufrettir"],"_links":{"self":[{"href":"https:\/\/www.vinaminni.is\/index.php?rest_route=\/wp\/v2\/posts\/7272","targetHints":{"allow":["GET"]}}],"collection":[{"href":"https:\/\/www.vinaminni.is\/index.php?rest_route=\/wp\/v2\/posts"}],"about":[{"href":"https:\/\/www.vinaminni.is\/index.php?rest_route=\/wp\/v2\/types\/post"}],"author":[{"embeddable":true,"href":"https:\/\/www.vinaminni.is\/index.php?rest_route=\/wp\/v2\/users\/3"}],"replies":[{"embeddable":true,"href":"https:\/\/www.vinaminni.is\/index.php?rest_route=%2Fwp%2Fv2%2Fcomments&post=7272"}],"version-history":[{"count":3,"href":"https:\/\/www.vinaminni.is\/index.php?rest_route=\/wp\/v2\/posts\/7272\/revisions"}],"predecessor-version":[{"id":7351,"href":"https:\/\/www.vinaminni.is\/index.php?rest_route=\/wp\/v2\/posts\/7272\/revisions\/7351"}],"wp:attachment":[{"href":"https:\/\/www.vinaminni.is\/index.php?rest_route=%2Fwp%2Fv2%2Fmedia&parent=7272"}],"wp:term":[{"taxonomy":"category","embeddable":true,"href":"https:\/\/www.vinaminni.is\/index.php?rest_route=%2Fwp%2Fv2%2Fcategories&post=7272"},{"taxonomy":"post_tag","embeddable":true,"href":"https:\/\/www.vinaminni.is\/index.php?rest_route=%2Fwp%2Fv2%2Ftags&post=7272"}],"curies":[{"name":"wp","href":"https:\/\/api.w.org\/{rel}","templated":true}]}}