{"id":7138,"date":"2024-10-25T11:33:55","date_gmt":"2024-10-25T11:33:55","guid":{"rendered":"https:\/\/www.vinaminni.is\/?p=7138"},"modified":"2024-10-25T11:33:56","modified_gmt":"2024-10-25T11:33:56","slug":"kaeru-foreldra-4","status":"publish","type":"post","link":"https:\/\/www.vinaminni.is\/?p=7138","title":{"rendered":"K\u00e6ru foreldra"},"content":{"rendered":"\n<p>T\u00edminn fl\u00edgur \u00e1fram og b\u00f6rnin ykkar st\u00e6kka og dafna vel \u00ed leiksk\u00f3lanum s\u00ednum. \u00dea\u00f0 er yndislegt a\u00f0 koma inn \u00e1 \u00c1lfastein og Dvergastein \u00fear sem litlu b\u00f6rnin stunda n\u00e1m, \u00feau eru svo dugleg og miklir yndismolar.<br>\u00cd  morgun var fl\u00e6\u00f0i \u00e1 milli \u00feessara tveggja deilda en \u00fe\u00e1 geta b\u00f6rnin skottast \u00e1 milli deildanna og leiki\u00f0. Litlu b\u00f6rnin \u00e1 \u00c1lfasteini hafa svo gott af a\u00f0 kynnast fleiri leiksv\u00e6\u00f0um en sem eru inni \u00e1 \u00c1lfasteini og b\u00f6rnunum \u00e1 Dvergasteini sem voru \u00e1 \u00c1lfasteini s\u00ed\u00f0astli\u00f0i\u00f0 \u00e1r finnst mj\u00f6g gaman a\u00f0 fara \u00ed heims\u00f3kn \u00e1 g\u00f6mlu deildina s\u00edna og leika.<\/p>\n\n\n\n<p>\u00c1 V\u00f6lusteini og T\u00f6frasteini gengur n\u00e1mi\u00f0 hj\u00e1 b\u00f6rnunum l\u00edka vel. \u00deau eru l\u00edka svo miklir yndismolar \u00feessar elskur. \u00deau eru dugleg a\u00f0 leika b\u00e6\u00f0i inni og \u00fati. En \u00fea\u00f0 er akk\u00farat \u00fea\u00f0 sem vi\u00f0 viljum a\u00f0 b\u00f6rnin ykkar geti gleymt s\u00e9r \u00ed leik me\u00f0 vinum s\u00ednum og geti noti\u00f0 leiksk\u00f3lans og alls sem hann hefur upp \u00e1 a\u00f0 bj\u00f3\u00f0a sem best og n\u00e1i a\u00f0 \u00feroskast \u00ed gegnum leikinn \u00e1 s\u00ednum forsendum.<\/p>\n\n\n\n<p>Allar vikur eru skemmtilegar \u00ed leiksk\u00f3lanum en \u00feegar hrekkjuvakan kemur er s\u00e9rstaklega gaman hj\u00e1 b\u00f6rnunum ykkar. Tilhl\u00f6kkunin leynir s\u00e9r ekki og heyrist stundum \u00ed samt\u00f6lum barnanna a\u00f0 \u00feau eru a\u00f0 tala um \u00feennan dag. <\/p>\n\n\n\n<p>\u00dear til n\u00e6st<br>framkv\u00e6mdarstj\u00f3ri<br><br><\/p>\n","protected":false},"excerpt":{"rendered":"<p>T\u00edminn fl\u00edgur \u00e1fram og b\u00f6rnin ykkar st\u00e6kka og dafna vel \u00ed leiksk\u00f3lanum s\u00ednum. \u00dea\u00f0 er yndislegt a\u00f0 koma inn \u00e1 \u00c1lfastein og Dvergastein \u00fear sem litlu b\u00f6rnin stunda n\u00e1m, \u00feau eru svo dugleg og miklir yndismolar.\u00cd morgun var fl\u00e6\u00f0i \u00e1 milli \u00feessara tveggja deilda en \u00fe\u00e1 geta b\u00f6rnin skottast \u00e1 milli deildanna og leiki\u00f0. Litlu [&hellip;]<\/p>\n","protected":false},"author":3,"featured_media":0,"comment_status":"closed","ping_status":"closed","sticky":false,"template":"","format":"standard","meta":{"footnotes":""},"categories":[49],"tags":[],"class_list":["post-7138","post","type-post","status-publish","format-standard","hentry","category-forsidufrettir"],"_links":{"self":[{"href":"https:\/\/www.vinaminni.is\/index.php?rest_route=\/wp\/v2\/posts\/7138","targetHints":{"allow":["GET"]}}],"collection":[{"href":"https:\/\/www.vinaminni.is\/index.php?rest_route=\/wp\/v2\/posts"}],"about":[{"href":"https:\/\/www.vinaminni.is\/index.php?rest_route=\/wp\/v2\/types\/post"}],"author":[{"embeddable":true,"href":"https:\/\/www.vinaminni.is\/index.php?rest_route=\/wp\/v2\/users\/3"}],"replies":[{"embeddable":true,"href":"https:\/\/www.vinaminni.is\/index.php?rest_route=%2Fwp%2Fv2%2Fcomments&post=7138"}],"version-history":[{"count":1,"href":"https:\/\/www.vinaminni.is\/index.php?rest_route=\/wp\/v2\/posts\/7138\/revisions"}],"predecessor-version":[{"id":7139,"href":"https:\/\/www.vinaminni.is\/index.php?rest_route=\/wp\/v2\/posts\/7138\/revisions\/7139"}],"wp:attachment":[{"href":"https:\/\/www.vinaminni.is\/index.php?rest_route=%2Fwp%2Fv2%2Fmedia&parent=7138"}],"wp:term":[{"taxonomy":"category","embeddable":true,"href":"https:\/\/www.vinaminni.is\/index.php?rest_route=%2Fwp%2Fv2%2Fcategories&post=7138"},{"taxonomy":"post_tag","embeddable":true,"href":"https:\/\/www.vinaminni.is\/index.php?rest_route=%2Fwp%2Fv2%2Ftags&post=7138"}],"curies":[{"name":"wp","href":"https:\/\/api.w.org\/{rel}","templated":true}]}}