{"id":7083,"date":"2024-09-13T13:02:47","date_gmt":"2024-09-13T13:02:47","guid":{"rendered":"https:\/\/www.vinaminni.is\/?p=7083"},"modified":"2024-09-13T13:02:48","modified_gmt":"2024-09-13T13:02:48","slug":"kaeru-foreldrar-9","status":"publish","type":"post","link":"https:\/\/www.vinaminni.is\/?p=7083","title":{"rendered":"K\u00e6ru foreldrar"},"content":{"rendered":"\n<p>N\u00fa er vetrarstarfi\u00f0 okkar me\u00f0 b\u00f6rnum sk\u00f3lans fari\u00f0 af sta\u00f0 og a\u00f0l\u00f6gun n\u00fdju barnanna okkar alveg a\u00f0 smella. \u00dea\u00f0 eru bara nokkur b\u00f6rn sem eiga eftir a\u00f0 finna \u00f6ryggi\u00f0 sitt svo \u00feau geti fari\u00f0 a\u00f0 nj\u00f3ta vel.<br>V\u00edsd\u00f3msstundir elstu barnanna eru byrja\u00f0ar en \u00feau eru a\u00f0 undirb\u00faa sig fyrir \u00e1framhaldandi sk\u00f3lag\u00f6ngu. \u00deau eru a\u00f0 r\u00e6\u00f0a saman um \u00fdmiss m\u00e1lefni, teikna upplifanir s\u00ednar og segja fr\u00e1 myndunum s\u00ednum. \u00deau eru l\u00edka a\u00f0 \u00e6fa sig \u00ed a\u00f0 leika tv\u00f6 og tv\u00f6 saman og ekki endilega me\u00f0 besta vininum \u00fev\u00ed vi\u00f0 vitum \u00fea\u00f0 a\u00f0 \u00feegar \u00fat \u00ed grunnsk\u00f3lann kemur er gott veganesti a\u00f0 vera f\u00e9lagslega sterkur og geta leiki\u00f0 me\u00f0 n\u00e1nast hverjum sem er. H\u00f3pastar barna f\u00e6dd 2018 er l\u00edka byrja\u00f0 og eru b\u00f6rnin a\u00f0 velja s\u00e9r \u00feema til a\u00f0 vinna me\u00f0 \u00ed vetur.<\/p>\n\n\n\n<p>M\u00e1l\u00feroskinn er okkur faga\u00f0ilum \u00ed Vinaminni mj\u00f6g hugleikinn og h\u00f6fum vi\u00f0 fengi\u00f0 til okkar talmeinafr\u00e6\u00f0ing til a\u00f0 vera me\u00f0 fr\u00e6\u00f0slu fyrir foreldra um m\u00e1lt\u00f6ku barna og hva\u00f0a lei\u00f0ir er h\u00e6gt a\u00f0 fara til a\u00f0 au\u00f0ga m\u00e1l\u00feroska \u00feeirra \u00e1 leiks\u00f3laaldri. Talmeinafr\u00e6\u00f0ingurinn hefur einnig komi\u00f0 me\u00f0 erindi \u00e1 skipulagsdegi fyrir starfsf\u00f3lk sk\u00f3lans. \u00dea\u00f0 er okkur miki\u00f0 kappsm\u00e1l a\u00f0 b\u00f6rnin n\u00e1i aldurssvarandi m\u00e1l\u00feroska  \u00feannig nj\u00f3ta \u00feau betur bernsku sinnar \u00ed f\u00e9lagslegum a\u00f0st\u00e6\u00f0um \u00ed leik og \u00ed starfi.<\/p>\n\n\n\n<p>Galdrakoffortin eru a\u00f0 fara \u00ed gagni\u00f0 en \u00feau eru me\u00f0 fullt af b\u00f3kum \u00ed. \u00dea\u00f0 er eitt Galdrakoffort \u00e1 hverri deild me\u00f0 b\u00f3kum fyrir \u00feann aldur sem er \u00e1 vi\u00f0komandi deild. S\u00ed\u00f0an geta foreldrar og barn vali\u00f0 eina b\u00f3k \u00far Galdrakofforti deildarinnar \u00ed lok dags til a\u00f0 fara me\u00f0 heim og lesa saman, b\u00f3kinni er svo skila\u00f0 n\u00e6sta dag \u00feegar barni\u00f0 kemur \u00ed sk\u00f3lann. Galdrakoffortin eru skreytt fallega svo \u00feau s\u00e9u forvitnileg og eftirs\u00f3knaver\u00f0 sem gerir b\u00f3kalesturinn enn\u00fe\u00e1 skemmtilegri.<\/p>\n\n\n\n<p>\u00dea\u00f0 er margt \u00e1 d\u00f6finni hj\u00e1 okkur \u00ed Vinaminni \u00e1 haustd\u00f6gunum og vi\u00f0 hl\u00f6kkum til a\u00f0 vinna a\u00f0 vetrarstarfinu me\u00f0 b\u00f6rnunum ykkar.<\/p>\n\n\n\n<p>\u00fear til n\u00e6st<\/p>\n\n\n\n<p>S\u00f3lveig Framkv\u00e6mdarstj\u00f3ri<\/p>\n\n\n\n<p><\/p>\n\n\n\n<p><\/p>\n","protected":false},"excerpt":{"rendered":"<p>N\u00fa er vetrarstarfi\u00f0 okkar me\u00f0 b\u00f6rnum sk\u00f3lans fari\u00f0 af sta\u00f0 og a\u00f0l\u00f6gun n\u00fdju barnanna okkar alveg a\u00f0 smella. \u00dea\u00f0 eru bara nokkur b\u00f6rn sem eiga eftir a\u00f0 finna \u00f6ryggi\u00f0 sitt svo \u00feau geti fari\u00f0 a\u00f0 nj\u00f3ta vel.V\u00edsd\u00f3msstundir elstu barnanna eru byrja\u00f0ar en \u00feau eru a\u00f0 undirb\u00faa sig fyrir \u00e1framhaldandi sk\u00f3lag\u00f6ngu. \u00deau eru a\u00f0 r\u00e6\u00f0a saman [&hellip;]<\/p>\n","protected":false},"author":3,"featured_media":0,"comment_status":"closed","ping_status":"closed","sticky":false,"template":"","format":"standard","meta":{"footnotes":""},"categories":[49],"tags":[],"class_list":["post-7083","post","type-post","status-publish","format-standard","hentry","category-forsidufrettir"],"_links":{"self":[{"href":"https:\/\/www.vinaminni.is\/index.php?rest_route=\/wp\/v2\/posts\/7083","targetHints":{"allow":["GET"]}}],"collection":[{"href":"https:\/\/www.vinaminni.is\/index.php?rest_route=\/wp\/v2\/posts"}],"about":[{"href":"https:\/\/www.vinaminni.is\/index.php?rest_route=\/wp\/v2\/types\/post"}],"author":[{"embeddable":true,"href":"https:\/\/www.vinaminni.is\/index.php?rest_route=\/wp\/v2\/users\/3"}],"replies":[{"embeddable":true,"href":"https:\/\/www.vinaminni.is\/index.php?rest_route=%2Fwp%2Fv2%2Fcomments&post=7083"}],"version-history":[{"count":1,"href":"https:\/\/www.vinaminni.is\/index.php?rest_route=\/wp\/v2\/posts\/7083\/revisions"}],"predecessor-version":[{"id":7084,"href":"https:\/\/www.vinaminni.is\/index.php?rest_route=\/wp\/v2\/posts\/7083\/revisions\/7084"}],"wp:attachment":[{"href":"https:\/\/www.vinaminni.is\/index.php?rest_route=%2Fwp%2Fv2%2Fmedia&parent=7083"}],"wp:term":[{"taxonomy":"category","embeddable":true,"href":"https:\/\/www.vinaminni.is\/index.php?rest_route=%2Fwp%2Fv2%2Fcategories&post=7083"},{"taxonomy":"post_tag","embeddable":true,"href":"https:\/\/www.vinaminni.is\/index.php?rest_route=%2Fwp%2Fv2%2Ftags&post=7083"}],"curies":[{"name":"wp","href":"https:\/\/api.w.org\/{rel}","templated":true}]}}