{"id":6683,"date":"2023-10-13T16:31:22","date_gmt":"2023-10-13T16:31:22","guid":{"rendered":"https:\/\/www.vinaminni.is\/?p=6683"},"modified":"2023-10-13T16:31:23","modified_gmt":"2023-10-13T16:31:23","slug":"born-og-starfsfolk","status":"publish","type":"post","link":"https:\/\/www.vinaminni.is\/?p=6683","title":{"rendered":"B\u00f6rn og starfsf\u00f3lk"},"content":{"rendered":"\n<p>K\u00e6ru foreldrar<\/p>\n\n\n\n<p>B\u00f6rnin ykkar eru heldur betur a\u00f0 n\u00e1 t\u00f6kum \u00e1 leiksk\u00f3lal\u00edfinu. N\u00fa eru \u00f6ll b\u00f6rn komin \u00ed sk\u00f3lann sinn, allir foreldrafundir b\u00fanir og \u00fei\u00f0 foreldrar eigi\u00f0 a\u00f0 vera uppl\u00fdstir um sk\u00f3lastarf barnanna ykkar. <br>\u00c9g sendi ykkur svo von br\u00e1\u00f0ar starfs\u00e1\u00e6tlunina fyrir sk\u00f3la\u00e1ri\u00f0 svo \u00fei\u00f0 geti\u00f0 gl\u00f6ggva\u00f0 ykkur enn betur \u00e1 sk\u00f3lastarfinu. <br>Eins og \u00e9g hef alltaf sagt og held \u00e1fram a\u00f0 segja \u00fe\u00e1 er leiksk\u00f3linn fyrsta sk\u00f3lastigi\u00f0 og \u00fea\u00f0 mikilv\u00e6gasta. j\u00fa af hverju held \u00e9g \u00fev\u00ed fram a\u00f0 leiksk\u00f3lastigi\u00f0 s\u00e9 mikilv\u00e6gasta sk\u00f3lastigi\u00f0, en \u00fea\u00f0 er vegna \u00feess a\u00f0 b\u00f6rnin ykkar eru a\u00f0 sl\u00edta naflastrenginn fr\u00e1 ykkur foreldrunum og leggja af sta\u00f0 \u00fat \u00ed hinn st\u00f3ra heim fyrir utana heimili\u00f0. Bernskan er mikilv\u00e6gasta \u00e6viskei\u00f0i\u00f0 \u00fear sem grunnur er lag\u00f0ur til \u00e1framhaldandi n\u00e1ms. B\u00f6rnin eru a\u00f0 l\u00e6ra a\u00f0 vera sj\u00e1lfst\u00e6\u00f0, \u00feau eru a\u00f0 taka inn m\u00e1li\u00f0 svo \u00feau geti tj\u00e1\u00f0 sig vi\u00f0 a\u00f0ra, geti komi\u00f0 hugmyndum s\u00ednum \u00e1 framf\u00e6ri og l\u00e1ti\u00f0 sko\u00f0anir s\u00ednar \u00ed lj\u00f3s. Ranns\u00f3knir hafa s\u00fdnt a\u00f0 ef b\u00f6rn eru me\u00f0 slakan m\u00e1l\u00feroska \u00e1 leiksk\u00f3la\u00e1runum og \u00feau f\u00e1 ekki \u00fe\u00e1 \u00fej\u00e1lfun og n\u00e1 ekki \u00feeirri f\u00e6rni \u00ed m\u00e1ltj\u00e1ningu og m\u00e1lskilningi sem \u00feeim er nau\u00f0synleg \u00fe\u00e1 getur \u00fea\u00f0 fylgt \u00feeim alla \u00e6vi. \u00deess vegna viljum vi\u00f0 leggja svo mikla \u00e1herslu \u00e1 m\u00e1l\u00feroska allra barnanna \u00ed leiksk\u00f3lanum svo \u00feau geti noti\u00f0 samskipta vi\u00f0 anna\u00f0 f\u00f3lk og get noti\u00f0 \u00feeirra verkefna og starfa sem \u00feau \u00f3ska s\u00e9r \u00ed framt\u00ed\u00f0inni. <br>F\u00e9lags\u00feroskinn kemur einnig sterkur inn \u00e1 \u00feessu aldursskei\u00f0i, \u00fea\u00f0 a\u00f0 l\u00e6ra a\u00f0 leika vi\u00f0 \u00f6nnur b\u00f6rn, f\u00e1 l\u00e1na\u00f0, l\u00e1na, skiptast \u00e1 og allt \u00fea\u00f0 sem \u00fev\u00ed fylgir a\u00f0 n\u00e1 g\u00f3\u00f0um t\u00f6kum \u00e1 leiknum me\u00f0 vinum er mj\u00f6g mikilv\u00e6gur \u00fe\u00e1ttur \u00feegar liti\u00f0 er til framt\u00ed\u00f0ar. L\u00edfi\u00f0 er allskonar og mikilv\u00e6gt a\u00f0 b\u00f6rnin f\u00e1i strax \u00e1 leiksk\u00f3la\u00e1runum g\u00f3\u00f0an grunn a\u00f0 framt\u00ed\u00f0inni.<\/p>\n\n\n\n<p>leiksk\u00f3lastj\u00f3ri<\/p>\n\n\n\n<p><\/p>\n","protected":false},"excerpt":{"rendered":"<p>K\u00e6ru foreldrar B\u00f6rnin ykkar eru heldur betur a\u00f0 n\u00e1 t\u00f6kum \u00e1 leiksk\u00f3lal\u00edfinu. N\u00fa eru \u00f6ll b\u00f6rn komin \u00ed sk\u00f3lann sinn, allir foreldrafundir b\u00fanir og \u00fei\u00f0 foreldrar eigi\u00f0 a\u00f0 vera uppl\u00fdstir um sk\u00f3lastarf barnanna ykkar. \u00c9g sendi ykkur svo von br\u00e1\u00f0ar starfs\u00e1\u00e6tlunina fyrir sk\u00f3la\u00e1ri\u00f0 svo \u00fei\u00f0 geti\u00f0 gl\u00f6ggva\u00f0 ykkur enn betur \u00e1 sk\u00f3lastarfinu. Eins og \u00e9g [&hellip;]<\/p>\n","protected":false},"author":3,"featured_media":2766,"comment_status":"closed","ping_status":"closed","sticky":false,"template":"","format":"standard","meta":{"footnotes":""},"categories":[49],"tags":[],"class_list":["post-6683","post","type-post","status-publish","format-standard","has-post-thumbnail","hentry","category-forsidufrettir"],"_links":{"self":[{"href":"https:\/\/www.vinaminni.is\/index.php?rest_route=\/wp\/v2\/posts\/6683","targetHints":{"allow":["GET"]}}],"collection":[{"href":"https:\/\/www.vinaminni.is\/index.php?rest_route=\/wp\/v2\/posts"}],"about":[{"href":"https:\/\/www.vinaminni.is\/index.php?rest_route=\/wp\/v2\/types\/post"}],"author":[{"embeddable":true,"href":"https:\/\/www.vinaminni.is\/index.php?rest_route=\/wp\/v2\/users\/3"}],"replies":[{"embeddable":true,"href":"https:\/\/www.vinaminni.is\/index.php?rest_route=%2Fwp%2Fv2%2Fcomments&post=6683"}],"version-history":[{"count":1,"href":"https:\/\/www.vinaminni.is\/index.php?rest_route=\/wp\/v2\/posts\/6683\/revisions"}],"predecessor-version":[{"id":6684,"href":"https:\/\/www.vinaminni.is\/index.php?rest_route=\/wp\/v2\/posts\/6683\/revisions\/6684"}],"wp:featuredmedia":[{"embeddable":true,"href":"https:\/\/www.vinaminni.is\/index.php?rest_route=\/wp\/v2\/media\/2766"}],"wp:attachment":[{"href":"https:\/\/www.vinaminni.is\/index.php?rest_route=%2Fwp%2Fv2%2Fmedia&parent=6683"}],"wp:term":[{"taxonomy":"category","embeddable":true,"href":"https:\/\/www.vinaminni.is\/index.php?rest_route=%2Fwp%2Fv2%2Fcategories&post=6683"},{"taxonomy":"post_tag","embeddable":true,"href":"https:\/\/www.vinaminni.is\/index.php?rest_route=%2Fwp%2Fv2%2Ftags&post=6683"}],"curies":[{"name":"wp","href":"https:\/\/api.w.org\/{rel}","templated":true}]}}