{"id":5349,"date":"2020-02-05T11:17:11","date_gmt":"2020-02-05T11:17:11","guid":{"rendered":"http:\/\/www.vinaminni.is\/?p=5349"},"modified":"2020-02-05T11:17:12","modified_gmt":"2020-02-05T11:17:12","slug":"dagur-leikskolans-6-februar","status":"publish","type":"post","link":"https:\/\/www.vinaminni.is\/?p=5349","title":{"rendered":"Dagur leiksk\u00f3lans 6. febr\u00faar"},"content":{"rendered":"\n<p>K\u00e6ru foreldrar<br>Fimmtudaginn 6. febr\u00faar er &#8222;Dagur leiksk\u00f3lans.&#8220; A\u00f0 \u00fev\u00ed tilefni \u00e6tlum vi\u00f0 a\u00f0 bj\u00f3\u00f0a ykkur foreldrum a\u00f0 taka \u00fe\u00e1tt \u00ed &#8222;Fl\u00e6\u00f0i&#8220; \u00ed leiksk\u00f3lanum <strong>f\u00f6studaginn 14. febr\u00faar kl: 9:00-10:30<\/strong> eftir foreldramorgunver\u00f0inn.<br>Deildarstj\u00f3rar hverrar deildar byrja \u00e1 \u00fev\u00ed a\u00f0 bj\u00f3\u00f0a ykkur me\u00f0 b\u00f6rnunum ykkar \u00ed s\u00f6ngstund, s\u00ed\u00f0an byrjar &#8222;Fl\u00e6\u00f0i\u00f0&#8220;. Komi\u00f0 og nj\u00f3ti\u00f0 stundarinnar me\u00f0 b\u00f6rnunum ykkar \u00ed leiksk\u00f3lanum. \u00de\u00e1tttaka ykkar \u00ed starfinu styrkir samstarf leiksk\u00f3la og heimilis auk \u00feess sem \u00fea\u00f0 er alltaf gaman fyrir foreldra a\u00f0 kynnast \u00fev\u00ed sem b\u00f6rnin taka s\u00e9r fyrir hendur \u00ed sk\u00f3lanum s\u00ednum.<br>Leiksk\u00f3lastj\u00f3ri.<\/p>\n","protected":false},"excerpt":{"rendered":"<p>K\u00e6ru foreldrarFimmtudaginn 6. febr\u00faar er &#8222;Dagur leiksk\u00f3lans.&#8220; A\u00f0 \u00fev\u00ed tilefni \u00e6tlum vi\u00f0 a\u00f0 bj\u00f3\u00f0a ykkur foreldrum a\u00f0 taka \u00fe\u00e1tt \u00ed &#8222;Fl\u00e6\u00f0i&#8220; \u00ed leiksk\u00f3lanum f\u00f6studaginn 14. febr\u00faar kl: 9:00-10:30 eftir foreldramorgunver\u00f0inn.Deildarstj\u00f3rar hverrar deildar byrja \u00e1 \u00fev\u00ed a\u00f0 bj\u00f3\u00f0a ykkur me\u00f0 b\u00f6rnunum ykkar \u00ed s\u00f6ngstund, s\u00ed\u00f0an byrjar &#8222;Fl\u00e6\u00f0i\u00f0&#8220;. Komi\u00f0 og nj\u00f3ti\u00f0 stundarinnar me\u00f0 b\u00f6rnunum ykkar \u00ed leiksk\u00f3lanum. [&hellip;]<\/p>\n","protected":false},"author":3,"featured_media":3269,"comment_status":"closed","ping_status":"closed","sticky":false,"template":"","format":"standard","meta":{"footnotes":""},"categories":[49],"tags":[],"class_list":["post-5349","post","type-post","status-publish","format-standard","has-post-thumbnail","hentry","category-forsidufrettir"],"_links":{"self":[{"href":"https:\/\/www.vinaminni.is\/index.php?rest_route=\/wp\/v2\/posts\/5349","targetHints":{"allow":["GET"]}}],"collection":[{"href":"https:\/\/www.vinaminni.is\/index.php?rest_route=\/wp\/v2\/posts"}],"about":[{"href":"https:\/\/www.vinaminni.is\/index.php?rest_route=\/wp\/v2\/types\/post"}],"author":[{"embeddable":true,"href":"https:\/\/www.vinaminni.is\/index.php?rest_route=\/wp\/v2\/users\/3"}],"replies":[{"embeddable":true,"href":"https:\/\/www.vinaminni.is\/index.php?rest_route=%2Fwp%2Fv2%2Fcomments&post=5349"}],"version-history":[{"count":1,"href":"https:\/\/www.vinaminni.is\/index.php?rest_route=\/wp\/v2\/posts\/5349\/revisions"}],"predecessor-version":[{"id":5350,"href":"https:\/\/www.vinaminni.is\/index.php?rest_route=\/wp\/v2\/posts\/5349\/revisions\/5350"}],"wp:featuredmedia":[{"embeddable":true,"href":"https:\/\/www.vinaminni.is\/index.php?rest_route=\/wp\/v2\/media\/3269"}],"wp:attachment":[{"href":"https:\/\/www.vinaminni.is\/index.php?rest_route=%2Fwp%2Fv2%2Fmedia&parent=5349"}],"wp:term":[{"taxonomy":"category","embeddable":true,"href":"https:\/\/www.vinaminni.is\/index.php?rest_route=%2Fwp%2Fv2%2Fcategories&post=5349"},{"taxonomy":"post_tag","embeddable":true,"href":"https:\/\/www.vinaminni.is\/index.php?rest_route=%2Fwp%2Fv2%2Ftags&post=5349"}],"curies":[{"name":"wp","href":"https:\/\/api.w.org\/{rel}","templated":true}]}}