{"id":4494,"date":"2018-04-07T14:12:34","date_gmt":"2018-04-07T14:12:34","guid":{"rendered":"http:\/\/www.vinaminni.is\/?p=4494"},"modified":"2018-04-07T14:12:34","modified_gmt":"2018-04-07T14:12:34","slug":"paskaeggjaleitin","status":"publish","type":"post","link":"https:\/\/www.vinaminni.is\/?p=4494","title":{"rendered":"P\u00e1skaeggjaleitin"},"content":{"rendered":"<p>K\u00e6ru foreldra<\/p>\n<p>F\u00f6studaginn 23. mars s\u00ed\u00f0astli\u00f0inn f\u00f3r fram skemmtileg p\u00e1skaeggjaleit \u00ed leiksk\u00f3lanum. Starfsf\u00f3lk faldi pappamassaegg sem b\u00f6rnin voru b\u00fain a\u00f0 b\u00faa til og s\u00ed\u00f0an leitu\u00f0u b\u00f6rnin a\u00f0 eggjunum. B\u00f6rnin \u00e1 \u00c1lfasteini og Dvergasteini fengu a\u00f0sto\u00f0 vi\u00f0 leitina fr\u00e1 b\u00f6rnunum \u00e1 T\u00f6frasteini e\u00f0a fr\u00e1 eldri systkinum\/fr\u00e6ndsystkinum. A\u00f0 lokinni leitinni fengu b\u00f6rnin\u00a0 a\u00f0 velja s\u00e9r skrautegg sem foreldraf\u00e9lagi\u00f0 keypti fyrir b\u00f6rnin. Skrauteggin \u00e1samt \u00fev\u00ed sem b\u00f6rnin voru b\u00fain a\u00f0 f\u00f6ndra fyrir p\u00e1skana hengdu \u00feau \u00e1 p\u00e1skagreinina s\u00edna sem \u00feau f\u00f3ru me\u00f0 heim fyrir p\u00e1skana.<br \/>\nB\u00f6rnin skemmtu s\u00e9r vel og gaman a\u00f0 fylgjast me\u00f0 \u00feeim og sj\u00e1 undrunarsvip og sigurbros \u00feegar \u00feau r\u00e1ku augun \u00ed eggin.<\/p>\n<p>S\u00f3lveig<br \/>\nleiksk\u00f3lastj\u00f3ri<\/p>\n","protected":false},"excerpt":{"rendered":"<p>K\u00e6ru foreldra F\u00f6studaginn 23. mars s\u00ed\u00f0astli\u00f0inn f\u00f3r fram skemmtileg p\u00e1skaeggjaleit \u00ed leiksk\u00f3lanum. Starfsf\u00f3lk faldi pappamassaegg sem b\u00f6rnin voru b\u00fain a\u00f0 b\u00faa til og s\u00ed\u00f0an leitu\u00f0u b\u00f6rnin a\u00f0 eggjunum. B\u00f6rnin \u00e1 \u00c1lfasteini og Dvergasteini fengu a\u00f0sto\u00f0 vi\u00f0 leitina fr\u00e1 b\u00f6rnunum \u00e1 T\u00f6frasteini e\u00f0a fr\u00e1 eldri systkinum\/fr\u00e6ndsystkinum. A\u00f0 lokinni leitinni fengu b\u00f6rnin\u00a0 a\u00f0 velja s\u00e9r skrautegg sem [&hellip;]<\/p>\n","protected":false},"author":3,"featured_media":3254,"comment_status":"closed","ping_status":"closed","sticky":false,"template":"","format":"standard","meta":{"footnotes":""},"categories":[49],"tags":[],"class_list":["post-4494","post","type-post","status-publish","format-standard","has-post-thumbnail","hentry","category-forsidufrettir"],"_links":{"self":[{"href":"https:\/\/www.vinaminni.is\/index.php?rest_route=\/wp\/v2\/posts\/4494","targetHints":{"allow":["GET"]}}],"collection":[{"href":"https:\/\/www.vinaminni.is\/index.php?rest_route=\/wp\/v2\/posts"}],"about":[{"href":"https:\/\/www.vinaminni.is\/index.php?rest_route=\/wp\/v2\/types\/post"}],"author":[{"embeddable":true,"href":"https:\/\/www.vinaminni.is\/index.php?rest_route=\/wp\/v2\/users\/3"}],"replies":[{"embeddable":true,"href":"https:\/\/www.vinaminni.is\/index.php?rest_route=%2Fwp%2Fv2%2Fcomments&post=4494"}],"version-history":[{"count":1,"href":"https:\/\/www.vinaminni.is\/index.php?rest_route=\/wp\/v2\/posts\/4494\/revisions"}],"predecessor-version":[{"id":4495,"href":"https:\/\/www.vinaminni.is\/index.php?rest_route=\/wp\/v2\/posts\/4494\/revisions\/4495"}],"wp:featuredmedia":[{"embeddable":true,"href":"https:\/\/www.vinaminni.is\/index.php?rest_route=\/wp\/v2\/media\/3254"}],"wp:attachment":[{"href":"https:\/\/www.vinaminni.is\/index.php?rest_route=%2Fwp%2Fv2%2Fmedia&parent=4494"}],"wp:term":[{"taxonomy":"category","embeddable":true,"href":"https:\/\/www.vinaminni.is\/index.php?rest_route=%2Fwp%2Fv2%2Fcategories&post=4494"},{"taxonomy":"post_tag","embeddable":true,"href":"https:\/\/www.vinaminni.is\/index.php?rest_route=%2Fwp%2Fv2%2Ftags&post=4494"}],"curies":[{"name":"wp","href":"https:\/\/api.w.org\/{rel}","templated":true}]}}