{"id":4039,"date":"2017-06-12T11:49:34","date_gmt":"2017-06-12T11:49:34","guid":{"rendered":"http:\/\/www.vinaminni.is\/?p=4039"},"modified":"2017-06-12T11:49:34","modified_gmt":"2017-06-12T11:49:34","slug":"vorid-goda-graent-og-hlytt","status":"publish","type":"post","link":"https:\/\/www.vinaminni.is\/?p=4039","title":{"rendered":"Vori\u00f0 g\u00f3\u00f0a gr\u00e6nt og hl\u00fdtt"},"content":{"rendered":"<p>K\u00e6ru foreldrar.<\/p>\n<p>Sumarstarfi\u00f0 okkar f\u00e6rist miki\u00f0 \u00fat \u00feessa dagana enda ve\u00f0ri\u00f0 til \u00feess a\u00f0 nj\u00f3ta. B\u00f6rnin sem stundu\u00f0u n\u00e1m \u00ed V\u00edsd\u00f3msstundum s\u00ed\u00f0astli\u00f0i\u00f0 sk\u00f3la\u00e1r eru \u00e1\u00a0fer\u00f0al\u00f6gum \u00ed allan j\u00fan\u00ed. \u00deau koma \u00ed leiksk\u00f3lann \u00e1 morgnana og bor\u00f0a morgunver\u00f0 s\u00ed\u00f0an fara \u00feau \u00far h\u00fasi og koma stundum ekki heim \u00ed leiksk\u00f3lann aftur fyrr en um kl. 14:00-15:00 \u00fe\u00e1 bor\u00f0a \u00feau h\u00e1degisver\u00f0 \u00fati \u00ed n\u00e1tt\u00farinni.<\/p>\n<p>A\u00f0rir aldursh\u00f3par fara a\u00f0 sj\u00e1lfs\u00f6g\u00f0u l\u00edka \u00ed \u00fdmsar fer\u00f0ir og vettvangsfer\u00f0ir um n\u00e1nast umhverfi leiksk\u00f3lans en \u00fea\u00f0 fer eftir aldri og fyrri st\u00f6rfum barnanna hvert er fari\u00f0 og hve langt er fari\u00f0.<\/p>\n<p>Sumarstarfi\u00f0 f\u00e6rist \u00fev\u00ed miki\u00f0 \u00fat, \u00fdmisst \u00fat \u00ed gar\u00f0 e\u00f0a \u00fat fyrir gar\u00f0. D\u00fakkurnar fara \u00fat, myndlistin fer \u00fat, sm\u00ed\u00f0ad\u00f3t og stundum kubbar fara \u00fat, auk \u00feess sem hreyfingin er mikil enda mikilv\u00e6g b\u00f6rnunum.<\/p>\n<p>A\u00f0 hoppa og skoppa, hlaupa og klifra er b\u00f6rnunum nau\u00f0synleg hreyfing og sumari\u00f0 er tilvali\u00f0 til a\u00f0 i\u00f0ka \u00fe\u00e1 \u00fe\u00e6tti af hjartans list.<\/p>\n<p>Megi\u00f0 \u00fei\u00f0 nj\u00f3ta sumarsins k\u00e6ru foreldrar og fj\u00f6lskyldur ykkar.<\/p>\n<p>bestu kve\u00f0jur<\/p>\n<p>leiksk\u00f3lastj\u00f3ri<\/p>\n","protected":false},"excerpt":{"rendered":"<p>K\u00e6ru foreldrar. Sumarstarfi\u00f0 okkar f\u00e6rist miki\u00f0 \u00fat \u00feessa dagana enda ve\u00f0ri\u00f0 til \u00feess a\u00f0 nj\u00f3ta. B\u00f6rnin sem stundu\u00f0u n\u00e1m \u00ed V\u00edsd\u00f3msstundum s\u00ed\u00f0astli\u00f0i\u00f0 sk\u00f3la\u00e1r eru \u00e1\u00a0fer\u00f0al\u00f6gum \u00ed allan j\u00fan\u00ed. \u00deau koma \u00ed leiksk\u00f3lann \u00e1 morgnana og bor\u00f0a morgunver\u00f0 s\u00ed\u00f0an fara \u00feau \u00far h\u00fasi og koma stundum ekki heim \u00ed leiksk\u00f3lann aftur fyrr en um kl. 14:00-15:00 [&hellip;]<\/p>\n","protected":false},"author":3,"featured_media":3269,"comment_status":"closed","ping_status":"closed","sticky":false,"template":"","format":"standard","meta":{"footnotes":""},"categories":[49],"tags":[],"class_list":["post-4039","post","type-post","status-publish","format-standard","has-post-thumbnail","hentry","category-forsidufrettir"],"_links":{"self":[{"href":"https:\/\/www.vinaminni.is\/index.php?rest_route=\/wp\/v2\/posts\/4039","targetHints":{"allow":["GET"]}}],"collection":[{"href":"https:\/\/www.vinaminni.is\/index.php?rest_route=\/wp\/v2\/posts"}],"about":[{"href":"https:\/\/www.vinaminni.is\/index.php?rest_route=\/wp\/v2\/types\/post"}],"author":[{"embeddable":true,"href":"https:\/\/www.vinaminni.is\/index.php?rest_route=\/wp\/v2\/users\/3"}],"replies":[{"embeddable":true,"href":"https:\/\/www.vinaminni.is\/index.php?rest_route=%2Fwp%2Fv2%2Fcomments&post=4039"}],"version-history":[{"count":1,"href":"https:\/\/www.vinaminni.is\/index.php?rest_route=\/wp\/v2\/posts\/4039\/revisions"}],"predecessor-version":[{"id":4040,"href":"https:\/\/www.vinaminni.is\/index.php?rest_route=\/wp\/v2\/posts\/4039\/revisions\/4040"}],"wp:featuredmedia":[{"embeddable":true,"href":"https:\/\/www.vinaminni.is\/index.php?rest_route=\/wp\/v2\/media\/3269"}],"wp:attachment":[{"href":"https:\/\/www.vinaminni.is\/index.php?rest_route=%2Fwp%2Fv2%2Fmedia&parent=4039"}],"wp:term":[{"taxonomy":"category","embeddable":true,"href":"https:\/\/www.vinaminni.is\/index.php?rest_route=%2Fwp%2Fv2%2Fcategories&post=4039"},{"taxonomy":"post_tag","embeddable":true,"href":"https:\/\/www.vinaminni.is\/index.php?rest_route=%2Fwp%2Fv2%2Ftags&post=4039"}],"curies":[{"name":"wp","href":"https:\/\/api.w.org\/{rel}","templated":true}]}}